{"id":180,"date":"2015-03-29T09:35:18","date_gmt":"2015-03-29T08:35:18","guid":{"rendered":"http:\/\/2019.automnemusicalduvesinet.fr\/?p=180"},"modified":"2019-08-25T15:33:34","modified_gmt":"2019-08-25T14:33:34","slug":"dimanche-16-octobre-a-16h","status":"publish","type":"post","link":"http:\/\/2019.automnemusicalduvesinet.fr\/?p=180","title":{"rendered":"Dimanche 13 octobre \u00e0 16h"},"content":{"rendered":"<h2><strong>En l&#8217;\u00e9glise Sainte-Marguerite<\/strong><\/h2>\n<p>&nbsp;<\/p>\n<p style=\"text-align: center;\"><span style=\"font-size: 20px;\"><strong>\u00ab Int\u00e9grale des quatuors de Mozart avec fl\u00fbte \u00bb<br \/>\n<\/strong><\/span><\/p>\n<p>&nbsp;<br \/>\n<span style=\"font-size: 16px;\"><em>Je r\u00e9pugne \u00e0 \u00e9crire pour un instrument que je ne peux souffrir<\/em>, \u00e9crit Mozart \u00e0 son p\u00e8re en 1778.<\/p>\n<p><span style=\"font-size: 16px;\">Il aurait m\u00eame dit : qu\u2019y a-t-il plus faux qu\u2019une fl\u00fbte. Il faut se souvenir que les fl\u00fbtes de l\u2019\u00e9poque n\u2019\u00e9taient dot\u00e9es que d\u2019une seule cl\u00e9, et avaient la m\u00eame r\u00e9putation que le pipeau dans nos actuels coll\u00e8ges!<\/p>\n<p><span style=\"font-size: 16px;\">N\u00e9anmoins Mozart, avant de finir sa vie avec une fl\u00fbte enchant\u00e9e dont la premi\u00e8re repr\u00e9sentation eut lieu deux mois avant sa mort, nous a laiss\u00e9 quatre pi\u00e8ces magnifiques: Un riche hollandais, Britten de Jong, avait command\u00e9 \u00e0 Mozart 3 concertos et 3 quatuors pour la fl\u00fbte.<\/p>\n<p><span style=\"font-size: 16px;\">Deux concertos seulement furent \u00e9crit (K313 et K314), mais les 3 premiers quatuors ont honor\u00e9 la commande, qui pr\u00e9cisait que les pi\u00e8ces ne devaient \u00eatre ni trop longues ni trop difficiles, car le commanditaire \u00e9tait fl\u00fbtiste amateur et comptait les interpr\u00e9ter lui-m\u00eame.<\/p>\n<p><span style=\"font-size: 16px;\">Le quatri\u00e8me quatuor a \u00e9t\u00e9 \u00e9crit 10 ans plus tard et \u00e9tait le pr\u00e9f\u00e9r\u00e9 d\u2019Albert Einstein.<\/p>\n<p>&nbsp;<\/p>\n<hr \/>\n<p style=\"text-align: center;\"><span style=\"font-size: 20px;\"><strong>LE PROGRAMME<\/strong><\/span><\/p>\n<table style=\"height: 50px; width: 620px;\" cellpadding=\"0\">\n<tbody>\n<tr>\n<td style=\"width: 620px; height: 24px; vertical-align: top;\"><span style=\"font-size: 16px;\"><strong>Wolfgang Amadeus Mozart<\/strong><br \/>\nInt\u00e9grale des quatuors avec fl\u00fbte<\/span>\n<\/td>\n<\/tr>\n<\/tbody>\n<\/table>\n<ol>\n<li><span style=\"font-size: 16px;\"><em>4<sup>e<\/sup> Quatuor en La majeur K 298<\/em>;<\/span><\/li>\n<li><span style=\"font-size: 16px;\"><em>2<sup>e<\/sup> Quatuor en Sol majeur : K285a<\/em>;<\/span><\/li>\n<li><span style=\"font-size: 16px;\"><em>3<sup>e<\/sup> Quatuor en Do majeur K285b<\/em>;<\/span><\/li>\n<li><span style=\"font-size: 16px;\"><em>1<sup>er<\/sup> Quatuor en R\u00e9 majeur K 285<\/em>.<\/span><\/li>\n<\/ol>\n<p>&nbsp;<\/p>\n<hr \/>\n<p style=\"text-align: center;\"><span style=\"font-size: 20px;\"><strong>LES ARTISTES<\/strong><\/span><\/p>\n<table style=\"height: 549px;\" width=\"620\">\n<tbody>\n<tr style=\"height: 32px;\">\n<td style=\"width: 620px; vertical-align: middle; height: 32px;\" colspan=\"3\"><\/td>\n<\/tr>\n<tr style=\"height: 400px;\">\n<td style=\"width: 310px; height: 400px;\"><a href=\"http:\/\/2019.automnemusicalduvesinet.fr\/wp-content\/uploads\/2019\/08\/Franck-Masquelier-med.jpg\"><img class=\"aligncenter\" src=\"http:\/\/2019.automnemusicalduvesinet.fr\/wp-content\/uploads\/2019\/08\/Franck-Masquelier-med.jpg\" alt=\"\" width=\"310\" \/><\/a><\/p>\n<p style=\"text-align: center;\"><span style=\"font-size: 16px;\"><a href=\"https:\/\/www.musiques-en-vercors.fr\/masquelier-franck-academie-musicale\" target=\"_blank\" rel=\"noopener noreferrer\">Franck Masquelier<\/a><br \/>\n<em>Fl\u00fbte<\/em><\/span><\/p>\n<\/td>\n<td style=\"width: 310px; height: 400px;\"><a href=\"http:\/\/2019.automnemusicalduvesinet.fr\/wp-content\/uploads\/2017\/07\/Vadim-Tchijik.jpg\"><img class=\"aligncenter\" src=\"http:\/\/2019.automnemusicalduvesinet.fr\/wp-content\/uploads\/2017\/07\/Vadim-Tchijik.jpg\" alt=\"\" width=\"310\" \/><\/a><\/p>\n<p style=\"text-align: center;\"><span style=\"font-size: 16px;\"><a href=\"http:\/\/www.vadimtchijik.com\/\" target=\"_blank\" rel=\"noopener noreferrer\">Vadim Tchijik<\/a><br \/>\n<em>Violon<\/em><\/span><\/p>\n<\/td>\n<\/tr>\n<tr style=\"height: 400px;\">\n<td style=\"width: 310px; height: 400px;\"><a href=\"http:\/\/2019.automnemusicalduvesinet.fr\/wp-content\/uploads\/2019\/08\/Daniel-Dato-med.jpg\"><img class=\"aligncenter\" src=\"http:\/\/2019.automnemusicalduvesinet.fr\/wp-content\/uploads\/2019\/08\/Daniel-Dato-med.jpg\" alt=\"\" width=\"310\" \/><\/a><\/p>\n<p style=\"text-align: center;\"><span style=\"font-size: 16px;\"><a href=\"http:\/\/www.festivalgloriana.fr\/les-artistes\/musique-des-chapelles\/73-daniel-dato-violon-alto.html\" target=\"_blank\" rel=\"noopener noreferrer\">Daniel Dato<\/a><br \/>\n<em>Violon alto<\/em><\/span><\/p>\n<\/td>\n<td style=\"width: 310px; height: 400px;\"><a href=\"http:\/\/2019.automnemusicalduvesinet.fr\/wp-content\/uploads\/2019\/08\/eric-courreges-med.jpg\"><img class=\"aligncenter\" src=\"http:\/\/2019.automnemusicalduvesinet.fr\/wp-content\/uploads\/2019\/08\/eric-courreges-med.jpg\" alt=\"\" width=\"310\" \/><\/a><\/p>\n<p style=\"text-align: center;\"><span style=\"font-size: 16px;\">Eric Cour\u00e8ges<br \/>\n<em>Violoncelle<\/em><\/span><\/p>\n<\/td>\n<\/tr>\n<\/tbody>\n<\/table>\n<p>&nbsp;<\/p>\n","protected":false},"excerpt":{"rendered":"<p><strong>Wolfgang Amadeus Mozart<\/strong><br \/>Int\u00e9grale des quatuors avec fl\u00fbte. <br \/>Pour fl\u00fbte, violon, alto et violoncelle, avec Franck Masquelier, Vadim Tchijik, Eric Cour\u00e8ges et Daniel Dato&#8230;.<\/p>\n","protected":false},"author":1,"featured_media":0,"comment_status":"open","ping_status":"open","sticky":false,"template":"","format":"standard","meta":[],"categories":[6],"tags":[7,8],"_links":{"self":[{"href":"http:\/\/2019.automnemusicalduvesinet.fr\/index.php?rest_route=\/wp\/v2\/posts\/180"}],"collection":[{"href":"http:\/\/2019.automnemusicalduvesinet.fr\/index.php?rest_route=\/wp\/v2\/posts"}],"about":[{"href":"http:\/\/2019.automnemusicalduvesinet.fr\/index.php?rest_route=\/wp\/v2\/types\/post"}],"author":[{"embeddable":true,"href":"http:\/\/2019.automnemusicalduvesinet.fr\/index.php?rest_route=\/wp\/v2\/users\/1"}],"replies":[{"embeddable":true,"href":"http:\/\/2019.automnemusicalduvesinet.fr\/index.php?rest_route=%2Fwp%2Fv2%2Fcomments&post=180"}],"version-history":[{"count":157,"href":"http:\/\/2019.automnemusicalduvesinet.fr\/index.php?rest_route=\/wp\/v2\/posts\/180\/revisions"}],"predecessor-version":[{"id":1302,"href":"http:\/\/2019.automnemusicalduvesinet.fr\/index.php?rest_route=\/wp\/v2\/posts\/180\/revisions\/1302"}],"wp:attachment":[{"href":"http:\/\/2019.automnemusicalduvesinet.fr\/index.php?rest_route=%2Fwp%2Fv2%2Fmedia&parent=180"}],"wp:term":[{"taxonomy":"category","embeddable":true,"href":"http:\/\/2019.automnemusicalduvesinet.fr\/index.php?rest_route=%2Fwp%2Fv2%2Fcategories&post=180"},{"taxonomy":"post_tag","embeddable":true,"href":"http:\/\/2019.automnemusicalduvesinet.fr\/index.php?rest_route=%2Fwp%2Fv2%2Ftags&post=180"}],"curies":[{"name":"wp","href":"https:\/\/api.w.org\/{rel}","templated":true}]}}