{"id":131,"date":"2015-03-29T09:26:11","date_gmt":"2015-03-29T08:26:11","guid":{"rendered":"http:\/\/2019.automnemusicalduvesinet.fr\/?p=131"},"modified":"2019-08-25T13:49:38","modified_gmt":"2019-08-25T12:49:38","slug":"programme-du-vendredi","status":"publish","type":"post","link":"http:\/\/2019.automnemusicalduvesinet.fr\/?p=131","title":{"rendered":"Vendredi 11 octobre \u00e0 20h30"},"content":{"rendered":"<h2><strong>En l&#8217;\u00e9glise Sainte-Marguerite<\/strong><\/h2>\n<p>&nbsp;<\/p>\n<p style=\"text-align: center;\"><strong><span style=\"font-size: 20px;\">Trompette et orgue<\/span><\/strong><\/p>\n<p><span style=\"font-size: 16px;\">Le programme pr\u00e9sent\u00e9 s\u2019\u00e9tend sur pr\u00e8s de 3 si\u00e8cles : musique renaissance avec Tourdion et Le Roy, c\u0153ur du baroque avec Bach et Haendel au XVIIe si\u00e8cle et enfin \u00ab baroque d\u00e9cadent \u00bb avec Claude Balbastre, qui finira sa vie le 20 flor\u00e9al de l\u2019an VII (pr\u00e9cis\u00e9ment 6 mois avant le 18 brumaire de l\u2019an VIII).<\/span><\/p>\n<p><span style=\"font-size: 16px;\"><strong>Claude Gervaise Tourdion<\/strong><\/span> <em>N\u00e9 vers 1550 \u00e0 Paris<\/em><br \/>\nOn ne sait pas grand-chose de lui, si ce n\u2019est qu\u2019il a \u00e9t\u00e9 joueur de viole et compositeur de Fran\u00e7ois Ier et Henri II.<\/p>\n<p><span style=\"font-size: 16px;\"><strong>Adrien Le Roy<\/strong><\/span> <em>Montreuil-sur-Mer 1520 \u2013 Paris 1598<\/em><br \/>\nLuthiste, guitariste et compositeur. \u00c9diteur de musique Le Roy &amp; Ballard<\/p>\n<p><span style=\"font-size: 16px;\"><strong>Jean S\u00e9bastien Bach<\/strong><\/span> <em>Eisenach 1685 \u2013 Leipzig 1750<\/em><br \/>\nOn ne le pr\u00e9sente pas ; d\u2019apr\u00e8s Vivaldi<\/p>\n<p><span style=\"font-size: 16px;\"><strong>Georg-Friedrich Haendel<\/strong><\/span> <em>Halle 1685 \u2013 Westminster 1759<\/em><br \/>\nN\u00e9 en Allemagne, il s\u2019\u00e9tablit en Angleterre en 1711 et devient directeur de la Royal Academy en 1720.<\/p>\n<p><span style=\"font-size: 16px;\"><strong>Michel Corrette<\/strong><\/span> <em>Rouen 1607 \u2013 Paris 1795<\/em><br \/>\nOrganiste \u00e0 l\u2019\u00e9glise Sainte-Madeleine en la cit\u00e9.<\/p>\n<p><span style=\"font-size: 16px;\"><strong>Claude Balbastre<\/strong><\/span> <em>Dijon 1724 \u2013 Paris 1799<\/em><br \/>\nOrganiste de Monsieur, fr\u00e8re du Roi et de Marie-Antoinette<\/p>\n<p>&nbsp;<\/p>\n<hr \/>\n<p style=\"text-align: center;\"><span style=\"font-size: 20px;\"><strong>LE PROGRAMME<\/strong><\/span><\/p>\n<table style=\"height: 100px; width: 620px;\" cellpadding=\"0\">\n<tbody>\n<tr>\n<td style=\"width: 620px; height: 24px; vertical-align: top;\">\n<span style=\"font-size: 16px;\"><strong>Claude Gervaise Tourdion<\/strong><\/span><br \/>\n6 Danses pour trompette et orgue<\/p>\n<p><span style=\"font-size: 16px;\"><strong>Adrien Le Roy<\/strong><\/span><br \/>\n4 pi\u00e8ces pour orgue :<br \/>\n<em>Passemeze<\/em><br \/>\n<em>Paduane<\/em><br \/>\n<em>Foriane<\/em><br \/>\n<em>Bransle<\/em><\/p>\n<p><span style=\"font-size: 16px;\"><strong>Michel Corrette<\/strong><\/span><br \/>\nConcerto en fa majeur<br \/>\n<em>pour trompette et orgue<\/em><span style=\"font-size: 16px;\"><strong>Jean S\u00e9bastien Bach<\/strong><\/span><br \/>\nConcerto en r\u00e9 majeur BWV 972<br \/>\n<em>pour trompette et orgue<\/em><\/p>\n<p><span style=\"font-size: 16px;\"><strong>Claude Balbastre<\/strong><\/span><br \/>\nPi\u00e8ces pour orgue:<br \/>\n<em>Chasse<\/em><br \/>\n<em>Ariette et Pastorale<\/em><br \/>\n<em>Canonnade<\/em><\/p>\n<p><span style=\"font-size: 16px;\"><strong>Georg-Friedrich Haendel<\/strong><\/span><br \/>\nConcerto pour trompette et orgue:<br \/>\n<em>Le coucou et le rossignol<\/em><\/td>\n<\/tr>\n<\/tbody>\n<\/table>\n<hr \/>\n<p style=\"text-align: center;\"><span style=\"font-size: 20px;\"><strong>LES ARTISTES<\/strong><\/span><\/p>\n<table style=\"height: 400px;\" width=\"620\">\n<tbody>\n<tr style=\"height: 400px;\">\n<td style=\"width: 310px; height: 400px;\"><a href=\"http:\/\/2019.automnemusicalduvesinet.fr\/wp-content\/uploads\/2019\/08\/Soustrot-med.jpg\"><img class=\"aligncenter\" src=\"http:\/\/2019.automnemusicalduvesinet.fr\/wp-content\/uploads\/2019\/08\/Soustrot-med.jpg\" alt=\"\" width=\"310\" \/><\/a><\/p>\n<p style=\"text-align: center;\"><span style=\"font-size: 16px;\"><a href=\"https:\/\/fr.wikipedia.org\/wiki\/Bernard_Soustrot\" target=\"_blank\" rel=\"noopener noreferrer\">Bernard Soustrot<\/a><br \/>\n<em>Trompette<\/em><\/span><\/p>\n<\/td>\n<td style=\"width: 310px; height: 400px;\"><a href=\"http:\/\/2019.automnemusicalduvesinet.fr\/wp-content\/uploads\/2019\/08\/Portrait-JPBrosse-med.jpg\"><img class=\"aligncenter\" src=\"http:\/\/2019.automnemusicalduvesinet.fr\/wp-content\/uploads\/2019\/08\/Portrait-JPBrosse-med.jpg\" alt=\"\" width=\"310\" \/><\/a><\/p>\n<p style=\"text-align: center;\"><span style=\"font-size: 16px;\"><a href=\"http:\/\/www.jeanpatrice-brosse.com\/\" target=\"_blank\" rel=\"noopener noreferrer\">Jean-Patrice Brosse<\/a><br \/>\n<em>Orgue<\/em><\/span><\/p>\n<\/td>\n<\/tr>\n<\/tbody>\n<\/table>\n<p>&nbsp;<\/p>\n","protected":false},"excerpt":{"rendered":"<p><strong>\u00ab Trompette et Orgue \u00bb<\/strong><br \/>\nDe la musique Renaissance du XVIe ( Gervaise, Le Roy) aux grands baroques Bach et Haendel jusqu&#8217;au \u00ab\u00a0baroque d\u00e9cadent \u00bb Claude Balbastre&#8230;<\/p>\n","protected":false},"author":1,"featured_media":0,"comment_status":"closed","ping_status":"open","sticky":false,"template":"","format":"standard","meta":[],"categories":[6],"tags":[9,7,8],"_links":{"self":[{"href":"http:\/\/2019.automnemusicalduvesinet.fr\/index.php?rest_route=\/wp\/v2\/posts\/131"}],"collection":[{"href":"http:\/\/2019.automnemusicalduvesinet.fr\/index.php?rest_route=\/wp\/v2\/posts"}],"about":[{"href":"http:\/\/2019.automnemusicalduvesinet.fr\/index.php?rest_route=\/wp\/v2\/types\/post"}],"author":[{"embeddable":true,"href":"http:\/\/2019.automnemusicalduvesinet.fr\/index.php?rest_route=\/wp\/v2\/users\/1"}],"replies":[{"embeddable":true,"href":"http:\/\/2019.automnemusicalduvesinet.fr\/index.php?rest_route=%2Fwp%2Fv2%2Fcomments&post=131"}],"version-history":[{"count":75,"href":"http:\/\/2019.automnemusicalduvesinet.fr\/index.php?rest_route=\/wp\/v2\/posts\/131\/revisions"}],"predecessor-version":[{"id":1281,"href":"http:\/\/2019.automnemusicalduvesinet.fr\/index.php?rest_route=\/wp\/v2\/posts\/131\/revisions\/1281"}],"wp:attachment":[{"href":"http:\/\/2019.automnemusicalduvesinet.fr\/index.php?rest_route=%2Fwp%2Fv2%2Fmedia&parent=131"}],"wp:term":[{"taxonomy":"category","embeddable":true,"href":"http:\/\/2019.automnemusicalduvesinet.fr\/index.php?rest_route=%2Fwp%2Fv2%2Fcategories&post=131"},{"taxonomy":"post_tag","embeddable":true,"href":"http:\/\/2019.automnemusicalduvesinet.fr\/index.php?rest_route=%2Fwp%2Fv2%2Ftags&post=131"}],"curies":[{"name":"wp","href":"https:\/\/api.w.org\/{rel}","templated":true}]}}