{"id":129,"date":"2015-03-29T09:30:29","date_gmt":"2015-03-29T08:30:29","guid":{"rendered":"http:\/\/2019.automnemusicalduvesinet.fr\/?p=129"},"modified":"2019-08-26T16:13:58","modified_gmt":"2019-08-26T15:13:58","slug":"programme-du-samedi","status":"publish","type":"post","link":"http:\/\/2019.automnemusicalduvesinet.fr\/?p=129","title":{"rendered":"Samedi 12 octobre"},"content":{"rendered":"<p>&nbsp;<\/p>\n<h2>\u00c0 10h au Conservatoire Georges Bizet<\/h2>\n<p>&nbsp;<\/p>\n<p style=\"text-align: center;\"><span style=\"font-size: 20px;\"><strong>\u00ab Masterclass de trompette \u00bb<\/strong><\/span><\/p>\n<p><span style=\"font-size: 16px;\"><strong>Bernard Soustrot<\/strong> donnera une masterclass publique de trompette (entr\u00e9e libre).<\/span><br \/>\n&nbsp;<\/p>\n<h2>\u00c0 20h30 en l&#8217;\u00e9glise Sainte-Marguerite<\/strong><\/h2>\n<p>&nbsp;<\/p>\n<p style=\"text-align: center;\"><span style=\"font-size: 20px;\"><strong>\u00ab Hommage \u00e0 Hector Berlioz \u00bb<\/strong><\/span><\/p>\n<p><span style=\"font-size: 16px;\">Berlioz est mort le 8 mars 1869. On c\u00e9l\u00e8bre cette ann\u00e9e le 150<sup>e<\/sup> anniversaire de sa mort. Berlioz n\u2019eut pas de chance avec l\u2019op\u00e9ra (Benvenuto Cellini et Les Troyens ne furent pas des succ\u00e8s). Il renouvela en revanche profond\u00e9ment la symphonie avec la symphonie dramatique (Rom\u00e9o et Juliette) et la symphonie \u00e0 programme.<\/span><\/p>\n<p><span style=\"font-size: 16px;\"><strong>La symphonie fantastique<\/strong> est de ce dernier genre. Deux versions pour piano \u00e0 4 mains existent une de Otto Singer une autre de Liszt.<\/p>\n<p><span style=\"font-size: 16px;\">La deuxi\u00e8me partie de ce concert sera consacr\u00e9e \u00e0<br \/>\n<\/span><\/span><\/p>\n<p style=\"text-align: center;\"><span style=\"font-size: 20px;\"><strong>\u00ab Ma M\u00e8re l\u2019Oye de Maurice Ravel \u00bb<\/strong><\/span><\/p>\n<p><span style=\"font-size: 16px;\">Il s&#8217;agit \u00e9galement d&#8217;une \u0153uvre programmatique, la suite \u00e9tant compos\u00e9e \u00e0 partir des contes de Perrault. L\u2019\u0153uvre a \u00e9t\u00e9 \u00e9crite originellement en 1908 pour les enfants d\u2019amis de Ravel, Jean et Mimie Godebski \u00e2g\u00e9s de 6 et 10 ans, pour le piano \u00e0 4 mains. L\u2019orchestration de 1911 est aussi de Maurice Ravel.<\/span><\/p>\n<p>&nbsp;<\/p>\n<hr \/>\n<p style=\"text-align: center;\"><span style=\"font-size: 20px;\"><strong>LE PROGRAMME<\/strong><\/span><\/p>\n<table style=\"height: 150px; width: 100%;\" cellpadding=\"0\">\n<tbody>\n<tr>\n<td style=\"width: 50%; height: 24px; vertical-align: top;\"><span style=\"font-size: 16px;\"><strong>Hector Berlioz<\/strong><br \/>\nSymphonie Fantastique<\/span><br \/>\n<em>R\u00eaverie<\/em><br \/>\n<em>Un bal, valse<\/em><br \/>\n<em>Sc\u00e8ne au champ<\/em><br \/>\n<em>Marche au supplice<\/em><br \/>\n<em>Songe d\u2019une nuit de sabbat<\/em><\/td>\n<td style=\"width: 50%; vertical-align: top;\"><span style=\"font-size: 16px;\"><strong>Maurice Ravel<\/strong><br \/>\nMa M\u00e8re l\u2019Oye:<\/span><br \/>\n<em>Pavane de la belle au bois dormant<\/em><br \/>\n<em>Petit Poucet<\/em><br \/>\n<em>Laideronnette, Imp\u00e9ratrice des pagodes<\/em><br \/>\n<em>Les entretiens de la Belle et la B\u00eate<\/em><br \/>\n<em>Le jardin f\u00e9erique<\/em><\/td>\n<\/tr>\n<\/tbody>\n<\/table>\n<p>&nbsp;<\/p>\n<hr \/>\n<p style=\"text-align: center;\"><span style=\"font-size: 20px;\"><strong>LES ARTISTES<\/strong><\/span><\/p>\n<table style=\"height: 549px;\" width=\"620\">\n<tbody>\n<tr style=\"height: 32px;\">\n<td style=\"width: 620px; vertical-align: middle; height: 32px;\" colspan=\"3\"><\/td>\n<\/tr>\n<tr style=\"height: 400px;\">\n<td style=\"width: 620px; height: 400px;\"><a href=\"http:\/\/2019.automnemusicalduvesinet.fr\/wp-content\/uploads\/2019\/08\/Carles-Sofia-med.jpg\"><img class=\"aligncenter\" style=\"border: 1px solid #000000;\" src=\"http:\/\/2019.automnemusicalduvesinet.fr\/wp-content\/uploads\/2019\/08\/Carles-Sofia-med.jpg\" alt=\"\" width=\"620\" \/><\/a><\/p>\n<p style=\"text-align: center;\"><span style=\"font-size: 16px;\"><a href=\"https:\/\/fr.wikipedia.org\/wiki\/Carles%26Sofia_Piano_duo\" target=\"_blank\" rel=\"noopener noreferrer\">Carles Lama et Sofia Cabruja<\/a><br \/>\n<em>Piano duo<\/em><\/span><\/p>\n<\/td>\n<\/tr>\n<\/tbody>\n<\/table>\n","protected":false},"excerpt":{"rendered":"<p><strong>\u00c0 10h au Conservatoire Georges Bizet<\/strong><br \/>\n<strong>\u00ab Masterclass publique de trompette \u00bb<\/strong><br \/>\npar Bernard Soustrot<\/p>\n<p><strong>\u00c0 20h30 en l&#8217;\u00e9glise Sainte-Marguerite<\/strong><br \/>\n<strong>\u00ab Hommage \u00e0 Berlioz \u00bb<\/strong><br \/>Symphonie Fantastique d&#8217;Hector Berlioz<\/p>\n<p><strong>Maurice Ravel<\/strong><br \/>Ma M\u00e8re l\u2019Oye<\/p>\n<p>Piano 4 mains par Carles Lama et Sofia Cabruja&#8230;<\/p>\n","protected":false},"author":1,"featured_media":0,"comment_status":"closed","ping_status":"open","sticky":false,"template":"","format":"standard","meta":[],"categories":[6],"tags":[16,15,9,14,7,8,13],"_links":{"self":[{"href":"http:\/\/2019.automnemusicalduvesinet.fr\/index.php?rest_route=\/wp\/v2\/posts\/129"}],"collection":[{"href":"http:\/\/2019.automnemusicalduvesinet.fr\/index.php?rest_route=\/wp\/v2\/posts"}],"about":[{"href":"http:\/\/2019.automnemusicalduvesinet.fr\/index.php?rest_route=\/wp\/v2\/types\/post"}],"author":[{"embeddable":true,"href":"http:\/\/2019.automnemusicalduvesinet.fr\/index.php?rest_route=\/wp\/v2\/users\/1"}],"replies":[{"embeddable":true,"href":"http:\/\/2019.automnemusicalduvesinet.fr\/index.php?rest_route=%2Fwp%2Fv2%2Fcomments&post=129"}],"version-history":[{"count":104,"href":"http:\/\/2019.automnemusicalduvesinet.fr\/index.php?rest_route=\/wp\/v2\/posts\/129\/revisions"}],"predecessor-version":[{"id":1322,"href":"http:\/\/2019.automnemusicalduvesinet.fr\/index.php?rest_route=\/wp\/v2\/posts\/129\/revisions\/1322"}],"wp:attachment":[{"href":"http:\/\/2019.automnemusicalduvesinet.fr\/index.php?rest_route=%2Fwp%2Fv2%2Fmedia&parent=129"}],"wp:term":[{"taxonomy":"category","embeddable":true,"href":"http:\/\/2019.automnemusicalduvesinet.fr\/index.php?rest_route=%2Fwp%2Fv2%2Fcategories&post=129"},{"taxonomy":"post_tag","embeddable":true,"href":"http:\/\/2019.automnemusicalduvesinet.fr\/index.php?rest_route=%2Fwp%2Fv2%2Ftags&post=129"}],"curies":[{"name":"wp","href":"https:\/\/api.w.org\/{rel}","templated":true}]}}